{"id":2087,"date":"2016-07-20T15:07:51","date_gmt":"2016-07-20T18:07:51","guid":{"rendered":"http:\/\/cdsc.com.br\/site\/?p=2087"},"modified":"2016-07-20T15:07:51","modified_gmt":"2016-07-20T18:07:51","slug":"santa-catarina-estreita-lacos-comerciais-com-taiwan","status":"publish","type":"post","link":"https:\/\/www.cdsc.com.br\/site\/santa-catarina-estreita-lacos-comerciais-com-taiwan\/","title":{"rendered":"Santa Catarina estreita la\u00e7os comerciais com Taiwan"},"content":{"rendered":"<p>O termo de coopera\u00e7\u00e3o assinado pela Fecom\u00e9rcio SC e Taitra - Conselho para<\/p>\n<p>Desenvolvimento do Com\u00e9rcio Exterior de Taiwan - pode sinalizar a abertura de novos<\/p>\n<p>mercados para Santa Catarina. O acordo foi selado durante a Miss\u00e3o Taiwan, pelo<\/p>\n<p>presidente da Federa\u00e7\u00e3o, Bruno Breithaupt, e o CEO da Taitra, Huang Win-Jung, para<\/p>\n<p>promover movimenta\u00e7\u00f5es bilaterais.<\/p>\n<p>Uma r\u00e9plica da ponte Herc\u00edlio Luz foi entregue por Breithaupt a Huang como s\u00edmbolo da<\/p>\n<p>parceria e liga\u00e7\u00e3o entre os dois pa\u00edses. \u201cEste acordo deve beneficiar os dois mercados<\/p>\n<p>e fomentar o desenvolvimento econ\u00f4mico dos setores p\u00fablicos e privados\u201d, pontua.<\/p>\n<p>A delega\u00e7\u00e3o catarinense viajou a convite do \u00f3rg\u00e3o, respons\u00e1vel por auxiliar empres\u00e1rios e<\/p>\n<p>industriais do pa\u00eds asi\u00e1tico nas rela\u00e7\u00f5es comerciais com importadores, prospectando<\/p>\n<p>neg\u00f3cios e joint-ventures com empresas estrangeiras. O grupo de empres\u00e1rios tamb\u00e9m<\/p>\n<p>participou de rodadas de neg\u00f3cios com exportadores nos segmentos de autope\u00e7as,<\/p>\n<p>ferramentas e ferragens, inform\u00e1tica e eletr\u00f4nicos, al\u00e9m de visitar as Feiras Foodtech<\/p>\n<p>(Feira Internacional de M\u00e1quinas para Ind\u00fastria Aliment\u00edcia) e Taipei Pack (Feira<\/p>\n<p>internacional da ind\u00fastria de embalagem).<\/p>\n<p>Integraram a comitiva Jos\u00e9 Agenor de Arag\u00e3o Junior (diretor-executivo da Fecom\u00e9rcio<\/p>\n<p>SC); vice-presidente atacadista da federa\u00e7\u00e3o, Amarildo Jos\u00e9 da Silva (Pick Pack<\/p>\n<p>Embalagens e Descart\u00e1veis); presidente da C\u00e2mara Empresarial do Com\u00e9rcio Atacadista,<\/p>\n<p>Telmo Poli (Virtual Distribuidora de Produtos Pessoais); C\u00e9lio Fidler (Fiedler Automa\u00e7\u00e3o<\/p>\n<p>Industrial); Vanderlei Fernandes (Compensados Fernandes); e o deputado estadual Nilso<\/p>\n<p>Berlanda (rede Lojas Berlanda).<\/p>\n<p>Fonte: Site Fecom\u00e9rcio<\/p>\n","protected":false},"excerpt":{"rendered":"<p>O termo de coopera\u00e7\u00e3o assinado pela Fecom\u00e9rcio SC e Taitra &#8211; Conselho para Desenvolvimento do Com\u00e9rcio Exterior de Taiwan &#8211; pode sinalizar a abertura de novos mercados para Santa Catarina. O acordo foi selado durante a Miss\u00e3o Taiwan, pelo presidente da Federa\u00e7\u00e3o, Bruno Breithaupt, e o CEO da Taitra, Huang Win-Jung, para promover movimenta\u00e7\u00f5es bilaterais. [&hellip;]<\/p>\n","protected":false},"author":1,"featured_media":0,"comment_status":"open","ping_status":"open","sticky":false,"template":"","format":"standard","meta":[],"categories":[83],"tags":[],"_links":{"self":[{"href":"https:\/\/www.cdsc.com.br\/site\/wp-json\/wp\/v2\/posts\/2087"}],"collection":[{"href":"https:\/\/www.cdsc.com.br\/site\/wp-json\/wp\/v2\/posts"}],"about":[{"href":"https:\/\/www.cdsc.com.br\/site\/wp-json\/wp\/v2\/types\/post"}],"author":[{"embeddable":true,"href":"https:\/\/www.cdsc.com.br\/site\/wp-json\/wp\/v2\/users\/1"}],"replies":[{"embeddable":true,"href":"https:\/\/www.cdsc.com.br\/site\/wp-json\/wp\/v2\/comments?post=2087"}],"version-history":[{"count":1,"href":"https:\/\/www.cdsc.com.br\/site\/wp-json\/wp\/v2\/posts\/2087\/revisions"}],"predecessor-version":[{"id":2088,"href":"https:\/\/www.cdsc.com.br\/site\/wp-json\/wp\/v2\/posts\/2087\/revisions\/2088"}],"wp:attachment":[{"href":"https:\/\/www.cdsc.com.br\/site\/wp-json\/wp\/v2\/media?parent=2087"}],"wp:term":[{"taxonomy":"category","embeddable":true,"href":"https:\/\/www.cdsc.com.br\/site\/wp-json\/wp\/v2\/categories?post=2087"},{"taxonomy":"post_tag","embeddable":true,"href":"https:\/\/www.cdsc.com.br\/site\/wp-json\/wp\/v2\/tags?post=2087"}],"curies":[{"name":"wp","href":"https:\/\/api.w.org\/{rel}","templated":true}]}}